{"id":9561,"date":"2023-07-08T10:59:24","date_gmt":"2023-07-08T13:59:24","guid":{"rendered":"https:\/\/colinbrokers.com.br\/site\/?p=9561"},"modified":"2025-01-12T11:00:04","modified_gmt":"2025-01-12T14:00:04","slug":"e-o-barco-da-feira-afirma-representante-da-grand-ocean-boats-sobre-lancamento-de-37-pes-da-marca","status":"publish","type":"post","link":"https:\/\/colinbrokers.com.br\/site\/e-o-barco-da-feira-afirma-representante-da-grand-ocean-boats-sobre-lancamento-de-37-pes-da-marca\/","title":{"rendered":"\u201c\u00c9 o barco da feira\u201d, afirma representante da Grand Ocean Boats sobre lan\u00e7amento de 37 p\u00e9s da marca"},"content":{"rendered":"<h2 class=\"subtitle\">Estaleiro que aposta em mudan\u00e7a de conceito nas embarca\u00e7\u00f5es j\u00e1 fechou neg\u00f3cio na cidade catarinense<\/h2>\n<div class=\"destaque-img-post\"><img decoding=\"async\" class=\"attachment-post-thumbnail size-post-thumbnail wp-post-image\" src=\"https:\/\/nautica.com.br\/wp-content\/uploads\/2023\/07\/grandocean-2.bx_.jpg\" sizes=\"(max-width: 920px) 100vw, 920px\" srcset=\"https:\/\/nautica.com.br\/wp-content\/uploads\/2023\/07\/grandocean-2.bx_.jpg 920w, https:\/\/nautica.com.br\/wp-content\/uploads\/2023\/07\/grandocean-2.bx_-300x200.jpg 300w, https:\/\/nautica.com.br\/wp-content\/uploads\/2023\/07\/grandocean-2.bx_-768x512.jpg 768w\" alt=\"\" width=\"920\" height=\"613\" \/>Diego Schmidt, diretor industrial da Grand Ocean Boats. Foto: Acioni Cassaniga e Marcello Sokal \/ Revista N\u00e1utica<\/div>\n<div class=\"content-area__wrapper\">\n<div class=\"content-area entry-content\">\n<p>Com lan\u00e7amento de barco de 37 p\u00e9s, a\u00a0<strong><a href=\"https:\/\/nautica.com.br\/lancha-de-37-pes-da-grand-ocean-boats-estara-no-marina-itajai-boat-show\/\">Grand Ocean Boats<\/a><\/strong>\u00a0\u00e9 mais um estaleiro presente no\u00a0<strong><a href=\"https:\/\/nautica.com.br\/category\/boat-show\/marina-itajai-boat-show\/\">Marina Itaja\u00ed Boat Show<\/a><\/strong>, maior evento n\u00e1utico do Sul do pa\u00eds. A marca \u2014 que \u00e9 de Itaja\u00ed \u2014 faz parte do grupo j\u00e1 tradicional Grand Ocean Yachts, que fica em Manaus, e produz barcos em alum\u00ednio, acima de 90 p\u00e9s.<\/p>\n<div class=\"veja-tambem\"><strong>Veja tamb\u00e9m<\/strong><br \/>\n<a href=\"https:\/\/nautica.com.br\/conheca-o-zephyr-seafood-nikkei-opcao-gastronomica-no-marina-itajai-boat-show\/\">Conhe\u00e7a o Zephyr Seafood &amp; Nikkei, op\u00e7\u00e3o gastron\u00f4mica no Marina Itaja\u00ed Boat Show<\/a><br \/>\n<a href=\"https:\/\/nautica.com.br\/assine\/\">Assine N\u00c1UTICA e ganhe convites para visitar o Boat Show!<\/a><br \/>\n<a href=\"https:\/\/www.youtube.com\/user\/revistanautica\" target=\"_blank\" rel=\"noopener\">Inscreva-se no Canal N\u00e1utica no Youtube<\/a><\/div>\n<p>\u201cJ\u00e1 fechamos uma unidade e n\u00f3s temos muita consulta. Acho que vamos ter um p\u00f3s-feira bem agitado\u201d, afirma Max Colin, um dos representantes comerciais da Grand Ocean Boats em Itaja\u00ed. O estaleiro tem chamado aten\u00e7\u00e3o do p\u00fablico pelo design diferenciado de seu lan\u00e7amento de 37 p\u00e9s.<\/p>\n<figure id=\"attachment_133928\" class=\"wp-caption alignnone\" aria-describedby=\"caption-attachment-133928\"><img decoding=\"async\" class=\"size-full wp-image-133928\" src=\"https:\/\/nautica.com.br\/wp-content\/uploads\/2023\/07\/grandocean-3.bx_.jpg\" sizes=\"(max-width: 920px) 100vw, 920px\" srcset=\"https:\/\/nautica.com.br\/wp-content\/uploads\/2023\/07\/grandocean-3.bx_.jpg 920w, https:\/\/nautica.com.br\/wp-content\/uploads\/2023\/07\/grandocean-3.bx_-300x200.jpg 300w, https:\/\/nautica.com.br\/wp-content\/uploads\/2023\/07\/grandocean-3.bx_-768x512.jpg 768w\" alt=\"\" width=\"920\" height=\"613\" \/><figcaption id=\"caption-attachment-133928\" class=\"wp-caption-text\">Equipe Grand Ocean Boats em Itaja\u00ed. Foto: Acioni Cassaniga e Marcello Sokal \/ Revista N\u00e1utica<\/figcaption><\/figure>\n<blockquote><p>\u00c9 o barco da feira. Arrisco dizer pelo design, acabamento, esportividade, navega\u00e7\u00e3o\u2026veio para mudar o conceito. As pessoas que vem visitar o barco est\u00e3o realmente gostando da embarca\u00e7\u00e3o.\u00a0<strong>\u2013 Max Colin, representante comercial da Grand Ocean Boats.<\/strong><\/p><\/blockquote>\n<p>Al\u00e9m do lan\u00e7amento da 37 p\u00e9s targa, o estaleiro revelou que o barco vir\u00e1 em mais duas vers\u00f5es, nos modelos open e proa aberta. \u201cEstamos ampliando as instala\u00e7\u00f5es para colocar a 37 em linha, devido \u00e0s vendas que j\u00e1 tivemos\u201d, afirma Diego Schmidt, diretor industrial da Grand Ocean Boats.<\/p>\n<div id=\"nauti-02d41dab65a4da812c551d0a540a96b4\" class=\"nauti-02d41dab65a4da812c551d0a540a96b4 nauti-post-middle-desktop-970-250\">\n<div id=\"nauti-70642926\" class=\"nauti-post-middle-desktop-970-250\"><\/div>\n<\/div>\n<p>A marca destacou ainda que est\u00e1 finalizando um projeto para come\u00e7ar a modelagem de um barco com 45 p\u00e9s, no estilo hardtop. \u201cSer\u00e1 uma segunda linha de tamanho diferente, com o mesmo conceito\u201d, afirma Diego.<\/p>\n<h2>A Grand Ocean 37<\/h2>\n<p>A Grand Ocean 37 marca a participa\u00e7\u00e3o do estaleiro no evento em Itaja\u00ed, sendo um barco de visual arrojado, agressivo, que chama aten\u00e7\u00e3o logo ao primeiro olhar. O modelo tem comando central e muito espa\u00e7o na pra\u00e7a de popa, al\u00e9m de boa cabine, em que a altura chega a 1,90 m.<\/p>\n<figure id=\"attachment_133929\" class=\"wp-caption alignnone\" aria-describedby=\"caption-attachment-133929\"><img decoding=\"async\" class=\"size-full wp-image-133929\" src=\"https:\/\/nautica.com.br\/wp-content\/uploads\/2023\/07\/grandocean-1.bx_.jpg\" sizes=\"(max-width: 920px) 100vw, 920px\" srcset=\"https:\/\/nautica.com.br\/wp-content\/uploads\/2023\/07\/grandocean-1.bx_.jpg 920w, https:\/\/nautica.com.br\/wp-content\/uploads\/2023\/07\/grandocean-1.bx_-300x199.jpg 300w, https:\/\/nautica.com.br\/wp-content\/uploads\/2023\/07\/grandocean-1.bx_-768x509.jpg 768w\" alt=\"\" width=\"920\" height=\"610\" \/><figcaption id=\"caption-attachment-133929\" class=\"wp-caption-text\">Foto: Victor Santos \/ Revista N\u00e1utica<\/figcaption><\/figure>\n<\/div>\n<\/div>\n<p>Reda\u00e7\u00e3o Revista N\u00e1utica<\/p>\n","protected":false},"excerpt":{"rendered":"<p>Estaleiro que aposta em mudan\u00e7a de conceito nas embarca\u00e7\u00f5es j\u00e1 fechou neg\u00f3cio na cidade catarinense Diego Schmidt, diretor industrial da Grand Ocean Boats. Foto: Acioni Cassaniga e Marcello Sokal \/ Revista N\u00e1utica Com lan\u00e7amento de barco de 37 p\u00e9s, a\u00a0Grand Ocean Boats\u00a0\u00e9 mais um estaleiro presente no\u00a0Marina Itaja\u00ed Boat Show, maior evento n\u00e1utico do Sul&#8230;<\/p>\n","protected":false},"author":2,"featured_media":9562,"comment_status":"open","ping_status":"open","sticky":false,"template":"","format":"standard","meta":{"footnotes":""},"categories":[1],"tags":[],"class_list":["post-9561","post","type-post","status-publish","format-standard","has-post-thumbnail","hentry","category-noticias"],"_links":{"self":[{"href":"https:\/\/colinbrokers.com.br\/site\/wp-json\/wp\/v2\/posts\/9561","targetHints":{"allow":["GET"]}}],"collection":[{"href":"https:\/\/colinbrokers.com.br\/site\/wp-json\/wp\/v2\/posts"}],"about":[{"href":"https:\/\/colinbrokers.com.br\/site\/wp-json\/wp\/v2\/types\/post"}],"author":[{"embeddable":true,"href":"https:\/\/colinbrokers.com.br\/site\/wp-json\/wp\/v2\/users\/2"}],"replies":[{"embeddable":true,"href":"https:\/\/colinbrokers.com.br\/site\/wp-json\/wp\/v2\/comments?post=9561"}],"version-history":[{"count":1,"href":"https:\/\/colinbrokers.com.br\/site\/wp-json\/wp\/v2\/posts\/9561\/revisions"}],"predecessor-version":[{"id":9563,"href":"https:\/\/colinbrokers.com.br\/site\/wp-json\/wp\/v2\/posts\/9561\/revisions\/9563"}],"wp:featuredmedia":[{"embeddable":true,"href":"https:\/\/colinbrokers.com.br\/site\/wp-json\/wp\/v2\/media\/9562"}],"wp:attachment":[{"href":"https:\/\/colinbrokers.com.br\/site\/wp-json\/wp\/v2\/media?parent=9561"}],"wp:term":[{"taxonomy":"category","embeddable":true,"href":"https:\/\/colinbrokers.com.br\/site\/wp-json\/wp\/v2\/categories?post=9561"},{"taxonomy":"post_tag","embeddable":true,"href":"https:\/\/colinbrokers.com.br\/site\/wp-json\/wp\/v2\/tags?post=9561"}],"curies":[{"name":"wp","href":"https:\/\/api.w.org\/{rel}","templated":true}]}}